{"id":337,"date":"2013-07-23T18:10:35","date_gmt":"2013-07-23T18:10:35","guid":{"rendered":"http:\/\/www.oncoanestesia.org\/?p=337"},"modified":"2013-07-23T19:07:50","modified_gmt":"2013-07-23T19:07:50","slug":"programa-o-anestesiologista-na-analgesia-pos-operatoria","status":"publish","type":"post","link":"http:\/\/www.oncoanestesia.org\/?p=337","title":{"rendered":"Programa \u2013 O anestesiologista na analgesia p\u00f3s-operat\u00f3ria"},"content":{"rendered":"<p><i> <span style=\"text-decoration: underline;\"> Workshop<\/span><\/i><span style=\"text-decoration: underline;\"> 1<\/span>:<b> <\/b><b>25 e 26 de Outubro de 2013 (6\u00aa feira e s\u00e1bado)<\/b><b><\/b><\/p>\n<p><i> <span style=\"text-decoration: underline;\">Workshop<\/span><\/i><span style=\"text-decoration: underline;\"> 2<\/span>:<b> <\/b><b>1 e 2 de Novembro de 2013 (6\u00aa feira e s\u00e1bado)<\/b><b><\/b><\/p>\n<p><i> <span style=\"text-decoration: underline;\">Workshop<\/span><\/i><span style=\"text-decoration: underline;\"> 3<\/span>:<b> <\/b><b>8 e 9 de Novembro de 2013 (6\u00aa feira e s\u00e1bado)<\/b><\/p>\n<p style=\"text-align: center;\" align=\"center\"><b>12 horas de forma\u00e7\u00e3o te\u00f3rica<b>,<br \/>\n<\/b>16 a 40 horas de forma\u00e7\u00e3o pr\u00e1tica<b>,<br \/>\n<\/b>Avalia\u00e7\u00e3o de Conhecimentos<\/b><\/p>\n<p>&nbsp;<\/p>\n<p align=\"center\"><span style=\"text-decoration: underline; color: #ff0000;\"><strong>Programa<\/strong><\/span><\/p>\n<p><span style=\"text-decoration: underline;\"><b>6\u00aa<\/b><\/span><span style=\"text-decoration: underline;\"><b> feira<\/b><\/span><\/p>\n<p>14h00 \u2013 Recep\u00e7\u00e3o e instala\u00e7\u00e3o<\/p>\n<p>14h30 \u2013 <strong>M\u00f3dulo 1<\/strong> (4 horas):<\/p>\n<p><b>Dimens\u00e3o do Problema, Fisiopatologia e Consequ\u00eancias Fisiopatol\u00f3gicas da Dor Aguda<b> <\/b>P\u00f3s-Operat\u00f3ria<\/b><\/p>\n<p>16h30 \u2013 <i>Coffee-break<\/i><\/p>\n<p>17h30 \u2013 <strong>M\u00f3dulo 1<\/strong> (continua\u00e7\u00e3o e concretiza\u00e7\u00e3o):<\/p>\n<p><b>Dimens\u00e3o do Problema, Fisiopatologia e Consequ\u00eancias Fisiopatol\u00f3gicas da Dor Aguda P\u00f3s-Operat\u00f3ria<\/b><\/p>\n<p>19h00 \u2013 Conclus\u00e3o dos trabalhos<\/p>\n<p>&nbsp;<\/p>\n<p><span style=\"text-decoration: underline;\"><b>S\u00e1bado<\/b><\/span><\/p>\n<p>08h00 \u2013 <strong>M\u00f3dulo 2<\/strong> (4 horas):<\/p>\n<p><b>F\u00e1rmacos em Analgesia P\u00f3s-Operat\u00f3ria. M\u00e9todos e Vias de Administra\u00e7\u00e3o<\/b><\/p>\n<p>10h30 \u2013 <i>Coffee-break<\/i><\/p>\n<p>11h00 \u2013 <strong>M\u00f3dulo 2<\/strong> (continua\u00e7\u00e3o e concretiza\u00e7\u00e3o):<\/p>\n<p><b>F\u00e1rmacos em Analgesia P\u00f3s-Operat\u00f3ria. M\u00e9todos e Vias de Administra\u00e7\u00e3o<\/b><\/p>\n<p>12h30 \u2013 <strong>M\u00f3dulo 3<\/strong> (3 horas)<\/p>\n<p><b>Organiza\u00e7\u00e3o da Dor Aguda do P\u00f3s-Operat\u00f3rio e suporte inform\u00e1tico (Unidades de Dor Aguda)<\/b><\/p>\n<p>13h30 \u2013 Almo\u00e7o livre<\/p>\n<p>14h30 \u2013 <strong>M\u00f3dulo 3<\/strong> (continua\u00e7\u00e3o e concretiza\u00e7\u00e3o):<\/p>\n<p><b>Organiza\u00e7\u00e3o da Dor Aguda do P\u00f3s-Operat\u00f3rio e suporte inform\u00e1tico (Unidades de Dor Aguda)<\/b><\/p>\n<p>16h30 \u2013 <b>Casos Cl\u00ednicos (1 hora)<\/b><\/p>\n<p>17h30 &#8211; <i>Coffee-break<\/i><\/p>\n<p>18h00 \u2013 <b>Teste de Avalia\u00e7\u00e3o de Conhecimentos<\/b><\/p>\n<p>19h00 \u2013 Conclus\u00e3o dos trabalhos<\/p>\n<p>&nbsp;<\/p>\n","protected":false},"excerpt":{"rendered":"<p>Workshop 1: 25 e 26 de Outubro de 2013 (6\u00aa feira e s\u00e1bado) Workshop 2: 1 e 2 de Novembro de 2013 (6\u00aa feira e s\u00e1bado) Workshop 3: 8 e 9 de Novembro de 2013 (6\u00aa feira e s\u00e1bado) 12 &hellip; <a href=\"http:\/\/www.oncoanestesia.org\/?p=337\">Continue reading <span class=\"meta-nav\">&rarr;<\/span><\/a><\/p>\n","protected":false},"author":2,"featured_media":0,"comment_status":"closed","ping_status":"open","sticky":false,"template":"","format":"standard","meta":[],"categories":[3,19,2],"tags":[8,139,9,10,13,11,20,138],"_links":{"self":[{"href":"http:\/\/www.oncoanestesia.org\/index.php?rest_route=\/wp\/v2\/posts\/337"}],"collection":[{"href":"http:\/\/www.oncoanestesia.org\/index.php?rest_route=\/wp\/v2\/posts"}],"about":[{"href":"http:\/\/www.oncoanestesia.org\/index.php?rest_route=\/wp\/v2\/types\/post"}],"author":[{"embeddable":true,"href":"http:\/\/www.oncoanestesia.org\/index.php?rest_route=\/wp\/v2\/users\/2"}],"replies":[{"embeddable":true,"href":"http:\/\/www.oncoanestesia.org\/index.php?rest_route=%2Fwp%2Fv2%2Fcomments&post=337"}],"version-history":[{"count":3,"href":"http:\/\/www.oncoanestesia.org\/index.php?rest_route=\/wp\/v2\/posts\/337\/revisions"}],"predecessor-version":[{"id":342,"href":"http:\/\/www.oncoanestesia.org\/index.php?rest_route=\/wp\/v2\/posts\/337\/revisions\/342"}],"wp:attachment":[{"href":"http:\/\/www.oncoanestesia.org\/index.php?rest_route=%2Fwp%2Fv2%2Fmedia&parent=337"}],"wp:term":[{"taxonomy":"category","embeddable":true,"href":"http:\/\/www.oncoanestesia.org\/index.php?rest_route=%2Fwp%2Fv2%2Fcategories&post=337"},{"taxonomy":"post_tag","embeddable":true,"href":"http:\/\/www.oncoanestesia.org\/index.php?rest_route=%2Fwp%2Fv2%2Ftags&post=337"}],"curies":[{"name":"wp","href":"https:\/\/api.w.org\/{rel}","templated":true}]}}